{"id":615,"date":"2026-01-22T10:49:02","date_gmt":"2026-01-22T13:49:02","guid":{"rendered":"https:\/\/fbvm.org.br\/?p=615"},"modified":"2026-01-22T10:49:02","modified_gmt":"2026-01-22T13:49:02","slug":"em-breve-novos-cursos-de-formacao-politica-e-humana","status":"publish","type":"post","link":"https:\/\/fbvm.org.br\/?p=615","title":{"rendered":"Em breve: novos cursos de Forma\u00e7\u00e3o Pol\u00edtica e Humana"},"content":{"rendered":"\n<p>A Funda\u00e7\u00e3o Bar\u00e3o e Visconde de Mau\u00e1 avan\u00e7a em sua miss\u00e3o de fortalecer a democracia e anuncia que, em breve, estar\u00e3o dispon\u00edveis os cursos do Centro de Forma\u00e7\u00e3o Pol\u00edtica e Humana, um novo espa\u00e7o dedicado \u00e0 forma\u00e7\u00e3o de lideran\u00e7as comprometidas com a \u00e9tica, a cidadania e a transforma\u00e7\u00e3o social.<\/p>\n\n\n\n<p>Em 2026, a Funda\u00e7\u00e3o consolida-se como refer\u00eancia nacional em forma\u00e7\u00e3o pol\u00edtica, unindo tradi\u00e7\u00e3o, inova\u00e7\u00e3o e tecnologia. Os cursos ser\u00e3o oferecidos em um ambiente moderno de ensino a dist\u00e2ncia (EAD), acess\u00edvel a participantes de todo o Brasil, conectando teoria, pr\u00e1tica e ferramentas contempor\u00e2neas da pol\u00edtica.<\/p>\n\n\n\n<p>\ud83c\udf93 O que voc\u00ea vai encontrar<\/p>\n\n\n\n<p>Os cursos do Centro de Forma\u00e7\u00e3o Pol\u00edtica e Humana foram estruturados a partir de tr\u00eas pilares fundamentais:<br>\u2022 Forma\u00e7\u00e3o pol\u00edtica s\u00f3lida<br>Princ\u00edpios democr\u00e1ticos, \u00e9tica p\u00fablica, direitos humanos e funcionamento das institui\u00e7\u00f5es.<br>\u2022 Forma\u00e7\u00e3o humana integral<br>Desenvolvimento de compet\u00eancias socioemocionais, empatia, lideran\u00e7a e comunica\u00e7\u00e3o.<br>\u2022 Forma\u00e7\u00e3o tecnol\u00f3gica e estrat\u00e9gica<br>Uso de dados, intelig\u00eancia artificial e redes sociais aplicados \u00e0 pol\u00edtica contempor\u00e2nea.<\/p>\n\n\n\n<p>\ud83d\udc65 Para quem \u00e9<\/p>\n\n\n\n<p>A forma\u00e7\u00e3o \u00e9 voltada para:<br>\u2022 Pr\u00e9-candidatos de todas as esferas eleitorais;<br>\u2022 Filiados e lideran\u00e7as partid\u00e1rias;<br>\u2022 Mandat\u00e1rios, assessores e gestores p\u00fablicos;<br>\u2022 Cidad\u00e3os interessados em pol\u00edtica, gest\u00e3o p\u00fablica e cidadania.<\/p>\n\n\n\n<p>\ud83d\udcbb Plataforma EAD Mau\u00e1<\/p>\n\n\n\n<p>Os cursos ser\u00e3o disponibilizados na Plataforma EAD Funda\u00e7\u00e3o Mau\u00e1, com experi\u00eancia intuitiva, acompanhamento de desempenho, certifica\u00e7\u00e3o autom\u00e1tica e espa\u00e7os de debate com especialistas convidados.<\/p>\n\n\n\n<p>\ud83d\udcc5 Lan\u00e7amento previsto: fevereiro de 2026<\/p>\n\n\n\n<p>\ud83d\udcdc Certifica\u00e7\u00e3o oficial: emitida pela Funda\u00e7\u00e3o, em parceria com institui\u00e7\u00e3o de ensino superior<\/p>\n\n\n\n<p>Formar para transformar. Educa\u00e7\u00e3o que inspira lideran\u00e7a.<\/p>\n\n\n\n<p>Acompanhe o site e as redes da Funda\u00e7\u00e3o. Em breve, inscri\u00e7\u00f5es abertas. (Gratuito)<\/p>\n","protected":false},"excerpt":{"rendered":"<p>A Funda\u00e7\u00e3o Bar\u00e3o e Visconde de Mau\u00e1 avan\u00e7a em sua miss\u00e3o de fortalecer a democracia e anuncia que, em breve, estar\u00e3o dispon\u00edveis os cursos do Centro de Forma\u00e7\u00e3o Pol\u00edtica e Humana, um novo espa\u00e7o dedicado \u00e0 forma\u00e7\u00e3o de lideran\u00e7as comprometidas com a \u00e9tica, a cidadania e a transforma\u00e7\u00e3o social. Em 2026, a Funda\u00e7\u00e3o consolida-se como [&hellip;]<\/p>\n","protected":false},"author":1,"featured_media":616,"comment_status":"open","ping_status":"open","sticky":false,"template":"","format":"standard","meta":{"footnotes":""},"categories":[1],"tags":[],"class_list":["post-615","post","type-post","status-publish","format-standard","has-post-thumbnail","hentry","category-sem-categoria"],"_links":{"self":[{"href":"https:\/\/fbvm.org.br\/index.php?rest_route=\/wp\/v2\/posts\/615","targetHints":{"allow":["GET"]}}],"collection":[{"href":"https:\/\/fbvm.org.br\/index.php?rest_route=\/wp\/v2\/posts"}],"about":[{"href":"https:\/\/fbvm.org.br\/index.php?rest_route=\/wp\/v2\/types\/post"}],"author":[{"embeddable":true,"href":"https:\/\/fbvm.org.br\/index.php?rest_route=\/wp\/v2\/users\/1"}],"replies":[{"embeddable":true,"href":"https:\/\/fbvm.org.br\/index.php?rest_route=%2Fwp%2Fv2%2Fcomments&post=615"}],"version-history":[{"count":1,"href":"https:\/\/fbvm.org.br\/index.php?rest_route=\/wp\/v2\/posts\/615\/revisions"}],"predecessor-version":[{"id":617,"href":"https:\/\/fbvm.org.br\/index.php?rest_route=\/wp\/v2\/posts\/615\/revisions\/617"}],"wp:featuredmedia":[{"embeddable":true,"href":"https:\/\/fbvm.org.br\/index.php?rest_route=\/wp\/v2\/media\/616"}],"wp:attachment":[{"href":"https:\/\/fbvm.org.br\/index.php?rest_route=%2Fwp%2Fv2%2Fmedia&parent=615"}],"wp:term":[{"taxonomy":"category","embeddable":true,"href":"https:\/\/fbvm.org.br\/index.php?rest_route=%2Fwp%2Fv2%2Fcategories&post=615"},{"taxonomy":"post_tag","embeddable":true,"href":"https:\/\/fbvm.org.br\/index.php?rest_route=%2Fwp%2Fv2%2Ftags&post=615"}],"curies":[{"name":"wp","href":"https:\/\/api.w.org\/{rel}","templated":true}]}}