{"id":603,"date":"2025-06-16T11:30:35","date_gmt":"2025-06-16T14:30:35","guid":{"rendered":"https:\/\/fbvm.org.br\/?p=603"},"modified":"2025-06-16T11:30:35","modified_gmt":"2025-06-16T14:30:35","slug":"o-papel-da-juventude-na-reconstrucao-da-politica-brasileira","status":"publish","type":"post","link":"https:\/\/fbvm.org.br\/?p=603","title":{"rendered":"O papel da juventude na reconstru\u00e7\u00e3o da pol\u00edtica brasileira"},"content":{"rendered":"\n<p>O Brasil vive um paradoxo: enquanto boa parte da juventude demonstra indigna\u00e7\u00e3o com os rumos da pol\u00edtica, poucos se veem ocupando espa\u00e7os de poder. O des\u00e2nimo com a velha pol\u00edtica, a descren\u00e7a nas institui\u00e7\u00f5es e o bombardeio constante de desinforma\u00e7\u00e3o afastam jovens do debate p\u00fablico, mas tamb\u00e9m os tornam pe\u00e7as-chave para a reconstru\u00e7\u00e3o democr\u00e1tica do pa\u00eds.<\/p>\n\n\n\n<p>Se queremos um Brasil mais justo, transparente e representativo, precisamos trazer os jovens para o centro da arena pol\u00edtica, n\u00e3o apenas como eleitores, mas como protagonistas.<\/p>\n\n\n\n<p><strong>Da indigna\u00e7\u00e3o \u00e0 a\u00e7\u00e3o<\/strong><\/p>\n\n\n\n<p>A gera\u00e7\u00e3o atual est\u00e1 mais conectada, informada e engajada com pautas sociais do que nunca. Mas esse potencial precisa ser canalizado para al\u00e9m das redes sociais. Curtir, compartilhar e protestar s\u00e3o formas leg\u00edtimas de participa\u00e7\u00e3o, mas transformar realidades exige envolvimento direto, capacita\u00e7\u00e3o e coragem para assumir responsabilidades p\u00fablicas.<\/p>\n\n\n\n<p>Aqui entra o papel das funda\u00e7\u00f5es partid\u00e1rias e institutos de forma\u00e7\u00e3o: oferecer instru\u00e7\u00e3o pol\u00edtica de qualidade, orienta\u00e7\u00e3o t\u00e9cnica, espa\u00e7os de escuta e oportunidades reais de lideran\u00e7a para jovens de diferentes contextos.<\/p>\n\n\n\n<p><strong>Por que precisamos da juventude na pol\u00edtica?<\/strong><\/p>\n\n\n\n<p>Porque os desafios do presente exigem novas ideias, novos olhares e novas formas de fazer pol\u00edtica. A juventude \u00e9 naturalmente mais aberta \u00e0 inova\u00e7\u00e3o, \u00e0 diversidade, ao di\u00e1logo. E isso \u00e9 essencial em um cen\u00e1rio polarizado e carente de pontes.<\/p>\n\n\n\n<p>Al\u00e9m disso, incluir jovens na pol\u00edtica \u00e9 uma forma de garantir que o debate sobre educa\u00e7\u00e3o, tecnologia, meio ambiente, trabalho e cultura \u2014 temas centrais para essa gera\u00e7\u00e3o \u2014 tenha representatividade real nas decis\u00f5es p\u00fablicas.<\/p>\n\n\n\n<p><strong>Como engajar e capacitar jovens?<\/strong><\/p>\n\n\n\n<p>A resposta passa por a\u00e7\u00f5es estruturadas e estrat\u00e9gicas, como:<br>\u2022   Criar programas de forma\u00e7\u00e3o pol\u00edtica espec\u00edficos para juventude, com linguagem acess\u00edvel, temas atuais e exemplos pr\u00e1ticos;<br>\u2022   Estimular a participa\u00e7\u00e3o de jovens nos diret\u00f3rios partid\u00e1rios e movimentos sociais;<br>\u2022   Oferecer mentoria de lideran\u00e7as experientes, sem excluir a criatividade dos novos nomes;<br>\u2022   Promover escuta ativa, onde os jovens opinem, proponham e decidam, e n\u00e3o apenas \u201cfa\u00e7am n\u00famero\u201d.<\/p>\n\n\n\n<p><strong>Um novo ciclo para a democracia<\/strong><\/p>\n\n\n\n<p>A reconstru\u00e7\u00e3o da pol\u00edtica brasileira passa, necessariamente, por uma nova gera\u00e7\u00e3o de lideran\u00e7as. E isso n\u00e3o acontecer\u00e1 por acaso: \u00e9 preciso formar, estimular e apoiar.<\/p>\n\n\n\n<p>A Funda\u00e7\u00e3o Bar\u00e3o e Visconde de Mau\u00e1 reconhece essa miss\u00e3o e reafirma seu compromisso com o fortalecimento da juventude cidad\u00e3. Porque mais do que mudar a pol\u00edtica, os jovens podem, e devem, reinvent\u00e1-la.<\/p>\n","protected":false},"excerpt":{"rendered":"<p>O Brasil vive um paradoxo: enquanto boa parte da juventude demonstra indigna\u00e7\u00e3o com os rumos da pol\u00edtica, poucos se veem ocupando espa\u00e7os de poder. O des\u00e2nimo com a velha pol\u00edtica, a descren\u00e7a nas institui\u00e7\u00f5es e o bombardeio constante de desinforma\u00e7\u00e3o afastam jovens do debate p\u00fablico, mas tamb\u00e9m os tornam pe\u00e7as-chave para a reconstru\u00e7\u00e3o democr\u00e1tica do [&hellip;]<\/p>\n","protected":false},"author":1,"featured_media":604,"comment_status":"open","ping_status":"open","sticky":false,"template":"","format":"standard","meta":{"footnotes":""},"categories":[1],"tags":[],"class_list":["post-603","post","type-post","status-publish","format-standard","has-post-thumbnail","hentry","category-sem-categoria"],"_links":{"self":[{"href":"https:\/\/fbvm.org.br\/index.php?rest_route=\/wp\/v2\/posts\/603","targetHints":{"allow":["GET"]}}],"collection":[{"href":"https:\/\/fbvm.org.br\/index.php?rest_route=\/wp\/v2\/posts"}],"about":[{"href":"https:\/\/fbvm.org.br\/index.php?rest_route=\/wp\/v2\/types\/post"}],"author":[{"embeddable":true,"href":"https:\/\/fbvm.org.br\/index.php?rest_route=\/wp\/v2\/users\/1"}],"replies":[{"embeddable":true,"href":"https:\/\/fbvm.org.br\/index.php?rest_route=%2Fwp%2Fv2%2Fcomments&post=603"}],"version-history":[{"count":1,"href":"https:\/\/fbvm.org.br\/index.php?rest_route=\/wp\/v2\/posts\/603\/revisions"}],"predecessor-version":[{"id":605,"href":"https:\/\/fbvm.org.br\/index.php?rest_route=\/wp\/v2\/posts\/603\/revisions\/605"}],"wp:featuredmedia":[{"embeddable":true,"href":"https:\/\/fbvm.org.br\/index.php?rest_route=\/wp\/v2\/media\/604"}],"wp:attachment":[{"href":"https:\/\/fbvm.org.br\/index.php?rest_route=%2Fwp%2Fv2%2Fmedia&parent=603"}],"wp:term":[{"taxonomy":"category","embeddable":true,"href":"https:\/\/fbvm.org.br\/index.php?rest_route=%2Fwp%2Fv2%2Fcategories&post=603"},{"taxonomy":"post_tag","embeddable":true,"href":"https:\/\/fbvm.org.br\/index.php?rest_route=%2Fwp%2Fv2%2Ftags&post=603"}],"curies":[{"name":"wp","href":"https:\/\/api.w.org\/{rel}","templated":true}]}}